{"id":3632,"__str__":"Of\u00edcio do Executivo n\u00ba 7 de 2023 | Recebido | 15/06/2023","link_detail_backend":"/materia/tramitacao/3632","metadata":{},"timestamp":"2023-06-15T15:06:11.586532-03:00","data_tramitacao":"2023-06-15","data_encaminhamento":"2023-06-15","urgente":false,"turno":"","texto":"Chefe do Poder Legislativo recebeu of\u00edcio e ordenou  que seja formalizada a transmiss\u00e3o da posse ao vice-presidente no dia 19/06/2023 as 7h30 no plen\u00e1rio da C\u00e2mara Municipal de Vereadores.","data_fim_prazo":null,"ip":"177.101.137.155","ultima_edicao":"2023-06-15T15:01:32.565927-03:00","status":65,"materia":4848,"unidade_tramitacao_local":1,"unidade_tramitacao_destino":5,"user":45}